{"id":1212,"date":"2012-05-24T23:45:31","date_gmt":"2012-05-24T23:45:31","guid":{"rendered":"http:\/\/www.s-h-a.nl\/?p=1212"},"modified":"2015-01-11T20:38:31","modified_gmt":"2015-01-11T20:38:31","slug":"afl-18-bezettingstijd-ijmuiden","status":"publish","type":"post","link":"https:\/\/www.s-h-a.nl\/?p=1212","title":{"rendered":"Afl. 42 &#8211; Bezettingstijd IJmuiden"},"content":{"rendered":"<p><img loading=\"lazy\" decoding=\"async\" src=\"http:\/\/www.s-h-a.nl\/wp-content\/uploads\/2012\/05\/persoonsbewijzen.jpg\" alt=\"\" width=\"230\" height=\"222\" class=\"alignright size-full wp-image-1213\" srcset=\"https:\/\/www.s-h-a.nl\/wp-content\/uploads\/2012\/05\/persoonsbewijzen.jpg 230w, https:\/\/www.s-h-a.nl\/wp-content\/uploads\/2012\/05\/persoonsbewijzen-150x144.jpg 150w\" sizes=\"auto, (max-width: 230px) 100vw, 230px\" \/><\/p>\n<p><strong>Historische verkenningen<\/strong><\/p>\n<p>Iedere maandagavond vanaf 20.00 uur <\/p>\n<p>&nbsp;<\/p>\n<p><strong>28 mei 2012<\/strong><\/p>\n<p>&nbsp;<\/p>\n<p><strong>Bezettingstijd IJmuiden<\/strong><\/p>\n<p>&nbsp;<\/p>\n<p><strong>Gast:<\/strong> Henk Haver<br \/>\n&nbsp;<\/p>\n<p>Daan de Vries Jr. \u00c9\u00e9n van de vaste makers van het programma (samen met Jan Camfferman en Jean Roefstra) heeft in 1981 zijn grootouders ge\u00efnterviewd en de belevenissen vastgelegd op een cassettebandje, voor het nageslacht.<br \/>\nDaan en Aafje de Vries hebben in die oorlogsjaren ook het nodige meegemaakt. Daan was in mei 1945 gestationeerd op Fort Eiland te IJmuiden, werd na zijn krijgsgevangenschap als machinist op een stoomboot voor de Rijksvaartuigendienst ingezet om goederen voor de Duitsers te transporteren. Die samen met zijn collega\u2019s, allemaal ex- militairen, er van alles aan hebben gedaan om de Duitsers tegen te werken.<br \/>\nBeiden vertellen over de bezetting, de evacuatie vanuit IJmuiden naar Winschoten. De schaarste, de razzia\u2019s, het Scholtenshuis, de Jodentransporten, de spoorwegstaking, de bevrijding van Noord Nederland en zijn rol bij de Binnenlandse Strijdkrachten.<br \/>\nBeiden zijn geboren in 1906 en Daan overleed in 1994. Aafje een jaar later 1995.<br \/>\n\u201cToen ik met de voorbereidingen van een programma over Fort Eiland bezig was, realiseerde ik mij plotseling dat ik deze opnamen van mijn grootouders nog ergens had liggen\u201d. Vertelt kleinzoon Daan. \u201cIk durfde er in het begin eigenlijk niet aan te denken om er een programma van te maken, het is zo persoonlijk. Maar na het meerdere malen afgeluisterd te hebben besloot ik dat hun verhaal een toevoeging is op alle verhalen die er over de Tweede Wereldoorlog verteld worden.\u201d<br \/>\nNu ruim 30 jaar later heeft kleinzoon Daan vele maanden aan de opnamen gewerkt en tot een radioprogramma bewerkt.<br \/>\n\u201cIk weet zeker dat mijn grootvader verguld zou zijn met dit programma.\u201d<\/p>\n<p>&nbsp;<\/p>\n<p>Een programma van Daan de Vries jr. en Jan Camfferman van Radio Beverwijk en historisch archeoloog Jean Roefstra van de Stichting Historische Archeologie (S.H.A). <\/p>\n<p>&nbsp;<\/p>\n<p><strong>RADIO BEVERWIJK<\/strong><br \/>\nTe ontvangen op: Kabel: 104.5 FM<\/p>\n<p>&nbsp;<\/p>\n<p>Overal online te ontvangen, zie: <a href=\"http:\/\/www.radiobeverwijk.nl\/\" target=\"_blank\">radio Beverwijk<\/a>.<\/p>\n","protected":false},"excerpt":{"rendered":"Historische verkenningen Iedere maandagavond vanaf 20.00 uur &nbsp; 28 mei 2012 &nbsp; Bezettingstijd IJmuiden &nbsp; Gast: Henk Haver &nbsp; Daan de Vries Jr. \u00c9\u00e9n van de vaste makers van het programma (samen met Jan Camfferman en Jean Roefstra) heeft in 1981 zijn grootouders ge\u00efnterviewd en de belevenissen vastgelegd op een <span class=\"link2\"><a href=\"https:\/\/www.s-h-a.nl\/?p=1212\">Lees meer<\/a><\/span>","protected":false},"author":1,"featured_media":0,"comment_status":"closed","ping_status":"closed","sticky":false,"template":"","format":"standard","meta":{"footnotes":""},"categories":[13],"tags":[],"class_list":["post-1212","post","type-post","status-publish","format-standard","hentry","category-radioserie_2012"],"_links":{"self":[{"href":"https:\/\/www.s-h-a.nl\/index.php?rest_route=\/wp\/v2\/posts\/1212","targetHints":{"allow":["GET"]}}],"collection":[{"href":"https:\/\/www.s-h-a.nl\/index.php?rest_route=\/wp\/v2\/posts"}],"about":[{"href":"https:\/\/www.s-h-a.nl\/index.php?rest_route=\/wp\/v2\/types\/post"}],"author":[{"embeddable":true,"href":"https:\/\/www.s-h-a.nl\/index.php?rest_route=\/wp\/v2\/users\/1"}],"replies":[{"embeddable":true,"href":"https:\/\/www.s-h-a.nl\/index.php?rest_route=%2Fwp%2Fv2%2Fcomments&post=1212"}],"version-history":[{"count":2,"href":"https:\/\/www.s-h-a.nl\/index.php?rest_route=\/wp\/v2\/posts\/1212\/revisions"}],"predecessor-version":[{"id":1422,"href":"https:\/\/www.s-h-a.nl\/index.php?rest_route=\/wp\/v2\/posts\/1212\/revisions\/1422"}],"wp:attachment":[{"href":"https:\/\/www.s-h-a.nl\/index.php?rest_route=%2Fwp%2Fv2%2Fmedia&parent=1212"}],"wp:term":[{"taxonomy":"category","embeddable":true,"href":"https:\/\/www.s-h-a.nl\/index.php?rest_route=%2Fwp%2Fv2%2Fcategories&post=1212"},{"taxonomy":"post_tag","embeddable":true,"href":"https:\/\/www.s-h-a.nl\/index.php?rest_route=%2Fwp%2Fv2%2Ftags&post=1212"}],"curies":[{"name":"wp","href":"https:\/\/api.w.org\/{rel}","templated":true}]}}